{"id":7732,"date":"2019-12-11T00:00:13","date_gmt":"2019-12-10T23:00:13","guid":{"rendered":"http:\/\/geschichte-hautnah.de\/www\/?p=7732"},"modified":"2019-01-04T19:25:21","modified_gmt":"2019-01-04T18:25:21","slug":"die-maenner-des-ersten-weltkriegs-teil-676","status":"publish","type":"post","link":"https:\/\/geschichte-hautnah.de\/www\/?p=7732","title":{"rendered":"Die M\u00e4nner des Ersten Weltkriegs \u2013 Teil 676: Franz Kellner"},"content":{"rendered":"<p>Der Bauerssohn Franz Kellner stammte aus <a href=\"https:\/\/goo.gl\/maps\/W5Qo1BErR592\" target=\"_blank\" rel=\"noopener\">Alterfing<\/a>, einem Ortsteil der bayerischen Stadt <a href=\"https:\/\/de.wikipedia.org\/wiki\/Traunstein\" target=\"_blank\" rel=\"noopener\">Traunstein<\/a>. Im Ersten Weltkrieg wurde er mit dem bayerischen Milit\u00e4rverdienstkreuz mit Krone und Schwertern, dem Eisernen Kreuz 2. Klasse und einer Dienstauszeichnung f\u00fcr neunj\u00e4hrigen Milit\u00e4rdienst ausgezeichnet. Am 25.03.1919 verstarb er im Alter von 30 Jahren an einer im Kriegseinsatz zugezogener Krankheit. Er hatte 52 Monate Milit\u00e4rdienst geleistet.<\/p>\n<figure id=\"attachment_7722\" aria-describedby=\"caption-attachment-7722\" style=\"width: 800px\" class=\"wp-caption aligncenter\"><img loading=\"lazy\" decoding=\"async\" class=\"size-full wp-image-7722\" src=\"http:\/\/geschichte-hautnah.de\/www\/wp-content\/uploads\/2019\/01\/Franz_Kellner_v.jpeg\" alt=\"\" width=\"800\" height=\"633\" srcset=\"https:\/\/geschichte-hautnah.de\/www\/wp-content\/uploads\/2019\/01\/Franz_Kellner_v.jpeg 800w, https:\/\/geschichte-hautnah.de\/www\/wp-content\/uploads\/2019\/01\/Franz_Kellner_v-300x237.jpeg 300w, https:\/\/geschichte-hautnah.de\/www\/wp-content\/uploads\/2019\/01\/Franz_Kellner_v-768x608.jpeg 768w\" sizes=\"auto, (max-width: 800px) 100vw, 800px\" \/><figcaption id=\"caption-attachment-7722\" class=\"wp-caption-text\">Sterbebild von Franz Kellner<\/figcaption><\/figure>\n<figure id=\"attachment_7721\" aria-describedby=\"caption-attachment-7721\" style=\"width: 800px\" class=\"wp-caption aligncenter\"><img loading=\"lazy\" decoding=\"async\" class=\"size-full wp-image-7721\" src=\"http:\/\/geschichte-hautnah.de\/www\/wp-content\/uploads\/2019\/01\/Franz_Kellner_h.jpeg\" alt=\"\" width=\"800\" height=\"633\" srcset=\"https:\/\/geschichte-hautnah.de\/www\/wp-content\/uploads\/2019\/01\/Franz_Kellner_h.jpeg 800w, https:\/\/geschichte-hautnah.de\/www\/wp-content\/uploads\/2019\/01\/Franz_Kellner_h-300x237.jpeg 300w, https:\/\/geschichte-hautnah.de\/www\/wp-content\/uploads\/2019\/01\/Franz_Kellner_h-768x608.jpeg 768w\" sizes=\"auto, (max-width: 800px) 100vw, 800px\" \/><figcaption id=\"caption-attachment-7721\" class=\"wp-caption-text\">R\u00fcckseite des Sterbebildes von Franz Kellner<\/figcaption><\/figure>\n","protected":false},"excerpt":{"rendered":"<p>Der Bauerssohn Franz Kellner stammte aus Alterfing, einem Ortsteil der bayerischen Stadt Traunstein. Im Ersten Weltkrieg wurde er mit dem bayerischen Milit\u00e4rverdienstkreuz mit Krone und Schwertern, dem Eisernen Kreuz 2. Klasse und einer Dienstauszeichnung f\u00fcr neunj\u00e4hrigen Milit\u00e4rdienst ausgezeichnet. Am 25.03.1919 verstarb er im Alter von 30 Jahren an einer im Kriegseinsatz zugezogener Krankheit. Er hatte [&hellip;]<\/p>\n","protected":false},"author":2,"featured_media":0,"comment_status":"closed","ping_status":"closed","sticky":false,"template":"","format":"standard","meta":{"footnotes":"","_wp_rev_ctl_limit":""},"categories":[2,8],"tags":[2240,302,2241,112,436,749],"class_list":["post-7732","post","type-post","status-publish","format-standard","hentry","category-1-weltkrieg","category-sterbebilder","tag-alterfing","tag-bauerssohn","tag-dienstauszeichnung-fuer-neunjaehrigen-militaerdienst","tag-eisernes-kreuz-2-klasse","tag-krankheit","tag-militaerverdienstkreuz-mit-schwertern"],"_links":{"self":[{"href":"https:\/\/geschichte-hautnah.de\/www\/index.php?rest_route=\/wp\/v2\/posts\/7732","targetHints":{"allow":["GET"]}}],"collection":[{"href":"https:\/\/geschichte-hautnah.de\/www\/index.php?rest_route=\/wp\/v2\/posts"}],"about":[{"href":"https:\/\/geschichte-hautnah.de\/www\/index.php?rest_route=\/wp\/v2\/types\/post"}],"author":[{"embeddable":true,"href":"https:\/\/geschichte-hautnah.de\/www\/index.php?rest_route=\/wp\/v2\/users\/2"}],"replies":[{"embeddable":true,"href":"https:\/\/geschichte-hautnah.de\/www\/index.php?rest_route=%2Fwp%2Fv2%2Fcomments&post=7732"}],"version-history":[{"count":5,"href":"https:\/\/geschichte-hautnah.de\/www\/index.php?rest_route=\/wp\/v2\/posts\/7732\/revisions"}],"predecessor-version":[{"id":7737,"href":"https:\/\/geschichte-hautnah.de\/www\/index.php?rest_route=\/wp\/v2\/posts\/7732\/revisions\/7737"}],"wp:attachment":[{"href":"https:\/\/geschichte-hautnah.de\/www\/index.php?rest_route=%2Fwp%2Fv2%2Fmedia&parent=7732"}],"wp:term":[{"taxonomy":"category","embeddable":true,"href":"https:\/\/geschichte-hautnah.de\/www\/index.php?rest_route=%2Fwp%2Fv2%2Fcategories&post=7732"},{"taxonomy":"post_tag","embeddable":true,"href":"https:\/\/geschichte-hautnah.de\/www\/index.php?rest_route=%2Fwp%2Fv2%2Ftags&post=7732"}],"curies":[{"name":"wp","href":"https:\/\/api.w.org\/{rel}","templated":true}]}}