{"id":8300,"date":"2020-02-18T00:00:26","date_gmt":"2020-02-17T23:00:26","guid":{"rendered":"http:\/\/geschichte-hautnah.de\/www\/?p=8300"},"modified":"2019-02-10T14:50:46","modified_gmt":"2019-02-10T13:50:46","slug":"die-maenner-des-ersten-weltkriegs-teil-715-joseph-hafner","status":"publish","type":"post","link":"https:\/\/geschichte-hautnah.de\/www\/?p=8300","title":{"rendered":"Die M\u00e4nner des Ersten Weltkriegs \u2013 Teil 715: Joseph Hafner"},"content":{"rendered":"<p>Der Aushilfs-Postschaffner Joseph Hafner stammte aus Wasserburg am Inn und war Reservist in der 5. Kompanie des bayerischen Infanterie-Leib-Regiments. Am 12.08.1914 fiel er im Alter von 25 Jahren w\u00e4hrend der\u00a0Grenzschutzgefechte in Lothringen (Frankreich).<\/p>\n<p>Die Regimentsgeschichte des bayerischen Infanterie-Leib-Regiments schreibt \u00fcber diesen Tag:<\/p>\n<blockquote><p><em>12.08.1914 Am fr\u00fchen Morgen gehen franz\u00f6sische Patrouillen aus <a href=\"https:\/\/de.wikipedia.org\/wiki\/Badonviller\" target=\"_blank\" rel=\"noopener\">Badonviller<\/a> gegen II.\/L. vor. II\/L. greift sie an, I. und III.\/L. schlie\u00dfen sich dem links umfassenden Angriff an. Am Vormittage dringt II.\/L. in Badonviller ein, st\u00f6\u00dft nach erbittertem H\u00e4userkampf bis <a href=\"https:\/\/de.wikipedia.org\/wiki\/Fenneviller\" target=\"_blank\" rel=\"noopener\">Fenneviller<\/a> durch. I. und III.\/L. st\u00fcrmen kurz darnach, Badonviller links umgehend, nach schwerem Kampfe die franz\u00f6sischen Linien vor <a href=\"https:\/\/de.wikipedia.org\/wiki\/P%C3%A9ronne\" target=\"_blank\" rel=\"noopener\">Peronne<\/a>. Ein erster herrlicher Sieg war erfochten, eine franz\u00f6sische Brigade vom Regiment allein geworfen. Die Verluste waren betr\u00e4chtlich. Abends Biwak bei <a href=\"https:\/\/de.wikipedia.org\/wiki\/Neuviller-l%C3%A8s-Badonviller\" target=\"_blank\" rel=\"noopener\">Neuviller<\/a>.&#8220;<\/em><\/p><\/blockquote>\n<p>Ein der betr\u00e4chtlichen Verluste war Joseph Hafner.<\/p>\n<p><span data-sheets-value=\"{&quot;1&quot;:2,&quot;2&quot;:&quot;Reillon&quot;}\" data-sheets-userformat=\"{&quot;2&quot;:1049089,&quot;3&quot;:{&quot;1&quot;:0},&quot;12&quot;:0,&quot;23&quot;:1}\" data-sheets-formula=\"=HYPERLINK(&quot;https:\/\/www.google.de\/maps\/place\/54450+Reillon,+Frankreich\/@48.6001141,6.7194688,14z\/data=!3m1!4b1!4m5!3m4!1s0x479477539c7fb135:0x40a5fb99a3af270!8m2!3d48.59863!4d6.743472&quot;;&quot;Reillon&quot;)\">Man begrub Joseph Hafner auf dem Soldatenfriedhof <a class=\"in-cell-link\" href=\"https:\/\/www.google.de\/maps\/place\/54450+Reillon,+Frankreich\/@48.6001141,6.7194688,14z\/data=!3m1!4b1!4m5!3m4!1s0x479477539c7fb135:0x40a5fb99a3af270!8m2!3d48.59863!4d6.743472\" target=\"_blank\" rel=\"noopener\">Reillon<\/a><\/span> in einem Massengrab.<\/p>\n<p>Seine Heimatgemeinde Wasserburg am Inn gedenkt Joseph Hafner noch heute auf einem Denkmal:\u00a0<a href=\"http:\/\/www.denkmalprojekt.org\/2011\/wasserburg_am_inn_st._jakob_kirche_70-71_wk1_wk2_bay.html\" target=\"_blank\" rel=\"noopener\">http:\/\/www.denkmalprojekt.org\/2011\/wasserburg_am_inn_st._jakob_kirche_70-71_wk1_wk2_bay.html<\/a><\/p>\n<figure id=\"attachment_8299\" aria-describedby=\"caption-attachment-8299\" style=\"width: 472px\" class=\"wp-caption aligncenter\"><img loading=\"lazy\" decoding=\"async\" class=\"size-full wp-image-8299\" src=\"http:\/\/geschichte-hautnah.de\/www\/wp-content\/uploads\/2019\/02\/Joseph_Hafner_v.jpeg\" alt=\"\" width=\"472\" height=\"800\" srcset=\"https:\/\/geschichte-hautnah.de\/www\/wp-content\/uploads\/2019\/02\/Joseph_Hafner_v.jpeg 472w, https:\/\/geschichte-hautnah.de\/www\/wp-content\/uploads\/2019\/02\/Joseph_Hafner_v-177x300.jpeg 177w\" sizes=\"auto, (max-width: 472px) 100vw, 472px\" \/><figcaption id=\"caption-attachment-8299\" class=\"wp-caption-text\">Sterbebild von Joseph Hafner<\/figcaption><\/figure>\n<figure id=\"attachment_8298\" aria-describedby=\"caption-attachment-8298\" style=\"width: 472px\" class=\"wp-caption aligncenter\"><img loading=\"lazy\" decoding=\"async\" class=\"size-full wp-image-8298\" src=\"http:\/\/geschichte-hautnah.de\/www\/wp-content\/uploads\/2019\/02\/Joseph_Hafner_h.jpeg\" alt=\"\" width=\"472\" height=\"800\" srcset=\"https:\/\/geschichte-hautnah.de\/www\/wp-content\/uploads\/2019\/02\/Joseph_Hafner_h.jpeg 472w, https:\/\/geschichte-hautnah.de\/www\/wp-content\/uploads\/2019\/02\/Joseph_Hafner_h-177x300.jpeg 177w\" sizes=\"auto, (max-width: 472px) 100vw, 472px\" \/><figcaption id=\"caption-attachment-8298\" class=\"wp-caption-text\">R\u00fcckseite des Sterbebildes von Joseph Hafner<\/figcaption><\/figure>\n","protected":false},"excerpt":{"rendered":"<p>Der Aushilfs-Postschaffner Joseph Hafner stammte aus Wasserburg am Inn und war Reservist in der 5. Kompanie des bayerischen Infanterie-Leib-Regiments. Am 12.08.1914 fiel er im Alter von 25 Jahren w\u00e4hrend der\u00a0Grenzschutzgefechte in Lothringen (Frankreich). Die Regimentsgeschichte des bayerischen Infanterie-Leib-Regiments schreibt \u00fcber diesen Tag: 12.08.1914 Am fr\u00fchen Morgen gehen franz\u00f6sische Patrouillen aus Badonviller gegen II.\/L. vor. II\/L. [&hellip;]<\/p>\n","protected":false},"author":2,"featured_media":0,"comment_status":"closed","ping_status":"closed","sticky":false,"template":"","format":"standard","meta":{"footnotes":"","_wp_rev_ctl_limit":""},"categories":[2,8,1876,594],"tags":[2440,2437,1366,217,2438,2441,360,2442,598,92,2439,878,1722,169],"class_list":["post-8300","post","type-post","status-publish","format-standard","hentry","category-1-weltkrieg","category-sterbebilder","category-frankreich-1-weltkrieg","category-lothringen-saarland","tag-aushilfs-postschaffner","tag-badonviller","tag-bayern","tag-denkmal","tag-fenneviller","tag-grenzschutzgefechte","tag-infanterie-leib-regiment","tag-lothriingen","tag-lothringen","tag-massengrab","tag-neuviller","tag-peronne","tag-reillon","tag-reservist"],"_links":{"self":[{"href":"https:\/\/geschichte-hautnah.de\/www\/index.php?rest_route=\/wp\/v2\/posts\/8300","targetHints":{"allow":["GET"]}}],"collection":[{"href":"https:\/\/geschichte-hautnah.de\/www\/index.php?rest_route=\/wp\/v2\/posts"}],"about":[{"href":"https:\/\/geschichte-hautnah.de\/www\/index.php?rest_route=\/wp\/v2\/types\/post"}],"author":[{"embeddable":true,"href":"https:\/\/geschichte-hautnah.de\/www\/index.php?rest_route=\/wp\/v2\/users\/2"}],"replies":[{"embeddable":true,"href":"https:\/\/geschichte-hautnah.de\/www\/index.php?rest_route=%2Fwp%2Fv2%2Fcomments&post=8300"}],"version-history":[{"count":6,"href":"https:\/\/geschichte-hautnah.de\/www\/index.php?rest_route=\/wp\/v2\/posts\/8300\/revisions"}],"predecessor-version":[{"id":8306,"href":"https:\/\/geschichte-hautnah.de\/www\/index.php?rest_route=\/wp\/v2\/posts\/8300\/revisions\/8306"}],"wp:attachment":[{"href":"https:\/\/geschichte-hautnah.de\/www\/index.php?rest_route=%2Fwp%2Fv2%2Fmedia&parent=8300"}],"wp:term":[{"taxonomy":"category","embeddable":true,"href":"https:\/\/geschichte-hautnah.de\/www\/index.php?rest_route=%2Fwp%2Fv2%2Fcategories&post=8300"},{"taxonomy":"post_tag","embeddable":true,"href":"https:\/\/geschichte-hautnah.de\/www\/index.php?rest_route=%2Fwp%2Fv2%2Ftags&post=8300"}],"curies":[{"name":"wp","href":"https:\/\/api.w.org\/{rel}","templated":true}]}}