{"id":9040,"date":"2020-05-14T00:00:06","date_gmt":"2020-05-13T22:00:06","guid":{"rendered":"https:\/\/geschichte-hautnah.de\/www\/?p=9040"},"modified":"2019-03-23T11:40:23","modified_gmt":"2019-03-23T10:40:23","slug":"die-maenner-des-zweiten-weltkriegs-teil-801-wolfgang-emanuel-windisch","status":"publish","type":"post","link":"https:\/\/geschichte-hautnah.de\/www\/?p=9040","title":{"rendered":"Die M\u00e4nner des Zweiten Weltkriegs \u2013 Teil 801: Wolfgang Emanuel Windisch"},"content":{"rendered":"<p>Der Obergefreite Wolfgang Emanuel Windisch wurde am 01.04.1920 im oberbayerischen <a href=\"https:\/\/de.wikipedia.org\/wiki\/Hausham\" target=\"_blank\" rel=\"noopener noreferrer\">Hausham<\/a> geboren. Im Zweiten Weltkrieg k\u00e4mpfte er in einem Gebirgs-J\u00e4ger-Regiment. Am 11.03.1943 fiel er im Alter von 22 Jahren bei Abinskaja s\u00fcdwestlich von <a href=\"https:\/\/de.wikipedia.org\/wiki\/Krasnodar\" target=\"_blank\" rel=\"noopener noreferrer\">Krasnodar<\/a> (<a href=\"https:\/\/de.wikipedia.org\/wiki\/Kuban\" target=\"_blank\" rel=\"noopener noreferrer\">Kubangebiet<\/a>).<\/p>\n<p><span data-sheets-value=\"{&quot;1&quot;:2,&quot;2&quot;:&quot;Krasnodar-Apscheronsk&quot;}\" data-sheets-userformat=\"{&quot;2&quot;:1049089,&quot;3&quot;:{&quot;1&quot;:0},&quot;12&quot;:0,&quot;23&quot;:1}\" data-sheets-formula=\"=HYPERLINK(&quot;https:\/\/goo.gl\/maps\/DhvtUZgjQZ12&quot;;&quot;Krasnodar-Apscheronsk&quot;)\">Man begrub Wolfgang Emanuel Windisch auf dem Soldatenfriedhof <a class=\"in-cell-link\" href=\"https:\/\/goo.gl\/maps\/DhvtUZgjQZ12\" target=\"_blank\" rel=\"noopener noreferrer\">Krasnodar-Apscheronsk<\/a> in einem<\/span> Massengrab.<\/p>\n<figure id=\"attachment_9039\" aria-describedby=\"caption-attachment-9039\" style=\"width: 800px\" class=\"wp-caption aligncenter\"><img loading=\"lazy\" decoding=\"async\" class=\"size-full wp-image-9039\" src=\"https:\/\/geschichte-hautnah.de\/www\/wp-content\/uploads\/2019\/03\/Wolfgang_Windisch_v.jpeg\" alt=\"\" width=\"800\" height=\"640\" srcset=\"https:\/\/geschichte-hautnah.de\/www\/wp-content\/uploads\/2019\/03\/Wolfgang_Windisch_v.jpeg 800w, https:\/\/geschichte-hautnah.de\/www\/wp-content\/uploads\/2019\/03\/Wolfgang_Windisch_v-300x240.jpeg 300w, https:\/\/geschichte-hautnah.de\/www\/wp-content\/uploads\/2019\/03\/Wolfgang_Windisch_v-768x614.jpeg 768w\" sizes=\"auto, (max-width: 800px) 100vw, 800px\" \/><figcaption id=\"caption-attachment-9039\" class=\"wp-caption-text\">Sterbebild von Wolfgang Emanuel Windisch<\/figcaption><\/figure>\n<figure id=\"attachment_9038\" aria-describedby=\"caption-attachment-9038\" style=\"width: 800px\" class=\"wp-caption aligncenter\"><img loading=\"lazy\" decoding=\"async\" class=\"size-full wp-image-9038\" src=\"https:\/\/geschichte-hautnah.de\/www\/wp-content\/uploads\/2019\/03\/Wolfgang_Windisch_h.jpeg\" alt=\"\" width=\"800\" height=\"640\" srcset=\"https:\/\/geschichte-hautnah.de\/www\/wp-content\/uploads\/2019\/03\/Wolfgang_Windisch_h.jpeg 800w, https:\/\/geschichte-hautnah.de\/www\/wp-content\/uploads\/2019\/03\/Wolfgang_Windisch_h-300x240.jpeg 300w, https:\/\/geschichte-hautnah.de\/www\/wp-content\/uploads\/2019\/03\/Wolfgang_Windisch_h-768x614.jpeg 768w\" sizes=\"auto, (max-width: 800px) 100vw, 800px\" \/><figcaption id=\"caption-attachment-9038\" class=\"wp-caption-text\">R\u00fcckseite des Sterbebildes von Wolfgang Emanuel Windisch<\/figcaption><\/figure>\n<p>Der tehoretische Weg von Wolfgang Emanuel Windisch von seinem Geburtsort zu seinem Sterbeort und Grab:<\/p>\n<p><iframe loading=\"lazy\" style=\"border: 0;\" src=\"https:\/\/www.google.com\/maps\/embed?pb=!1m28!1m12!1m3!1d5552528.018039195!2d21.29583024029579!3d47.193189421466066!2m3!1f0!2f0!3f0!3m2!1i1024!2i768!4f13.1!4m13!3e2!4m5!1s0x479d8b095468c18d%3A0x1173bedc9d375bfd!2s83734+Hausham!3m2!1d47.7524801!2d11.8372386!4m5!1s0x40f12cb061c635b9%3A0xde53f37a18558963!2sApscheronsk%2C+Krasnodar%2C+Russland!3m2!1d44.4654077!2d39.726797999999995!5e0!3m2!1sde!2sde!4v1553337576288\" width=\"600\" height=\"450\" frameborder=\"0\" allowfullscreen=\"allowfullscreen\"><\/iframe><\/p>\n","protected":false},"excerpt":{"rendered":"<p>Der Obergefreite Wolfgang Emanuel Windisch wurde am 01.04.1920 im oberbayerischen Hausham geboren. Im Zweiten Weltkrieg k\u00e4mpfte er in einem Gebirgs-J\u00e4ger-Regiment. Am 11.03.1943 fiel er im Alter von 22 Jahren bei Abinskaja s\u00fcdwestlich von Krasnodar (Kubangebiet). Man begrub Wolfgang Emanuel Windisch auf dem Soldatenfriedhof Krasnodar-Apscheronsk in einem Massengrab. Der tehoretische Weg von Wolfgang Emanuel Windisch von [&hellip;]<\/p>\n","protected":false},"author":2,"featured_media":0,"comment_status":"closed","ping_status":"closed","sticky":false,"template":"","format":"standard","meta":{"footnotes":"","_wp_rev_ctl_limit":""},"categories":[3,788],"tags":[1366,840,2699,2700,2703,2701,2702,92,989,172],"class_list":["post-9040","post","type-post","status-publish","format-standard","hentry","category-2-weltkrieg","category-ostfront","tag-bayern","tag-gebirgs-jaeger-regiment","tag-hausham","tag-krasnodar","tag-krasnodar-apscheronsk","tag-kuban","tag-kubangebiet","tag-massengrab","tag-oberbayern","tag-obergefreiter"],"_links":{"self":[{"href":"https:\/\/geschichte-hautnah.de\/www\/index.php?rest_route=\/wp\/v2\/posts\/9040","targetHints":{"allow":["GET"]}}],"collection":[{"href":"https:\/\/geschichte-hautnah.de\/www\/index.php?rest_route=\/wp\/v2\/posts"}],"about":[{"href":"https:\/\/geschichte-hautnah.de\/www\/index.php?rest_route=\/wp\/v2\/types\/post"}],"author":[{"embeddable":true,"href":"https:\/\/geschichte-hautnah.de\/www\/index.php?rest_route=\/wp\/v2\/users\/2"}],"replies":[{"embeddable":true,"href":"https:\/\/geschichte-hautnah.de\/www\/index.php?rest_route=%2Fwp%2Fv2%2Fcomments&post=9040"}],"version-history":[{"count":4,"href":"https:\/\/geschichte-hautnah.de\/www\/index.php?rest_route=\/wp\/v2\/posts\/9040\/revisions"}],"predecessor-version":[{"id":9044,"href":"https:\/\/geschichte-hautnah.de\/www\/index.php?rest_route=\/wp\/v2\/posts\/9040\/revisions\/9044"}],"wp:attachment":[{"href":"https:\/\/geschichte-hautnah.de\/www\/index.php?rest_route=%2Fwp%2Fv2%2Fmedia&parent=9040"}],"wp:term":[{"taxonomy":"category","embeddable":true,"href":"https:\/\/geschichte-hautnah.de\/www\/index.php?rest_route=%2Fwp%2Fv2%2Fcategories&post=9040"},{"taxonomy":"post_tag","embeddable":true,"href":"https:\/\/geschichte-hautnah.de\/www\/index.php?rest_route=%2Fwp%2Fv2%2Ftags&post=9040"}],"curies":[{"name":"wp","href":"https:\/\/api.w.org\/{rel}","templated":true}]}}