{"id":9083,"date":"2020-05-20T00:00:50","date_gmt":"2020-05-19T22:00:50","guid":{"rendered":"https:\/\/geschichte-hautnah.de\/www\/?p=9083"},"modified":"2019-03-26T17:40:50","modified_gmt":"2019-03-26T16:40:50","slug":"die-maenner-des-ersten-weltkriegs-teil-807","status":"publish","type":"post","link":"https:\/\/geschichte-hautnah.de\/www\/?p=9083","title":{"rendered":"Die M\u00e4nner des Ersten Weltkriegs \u2013 Teil 807: Ludwig Fischer"},"content":{"rendered":"<p>Der Unteroffizier Ludwig Fischer stammte aus dem bayerischen <a href=\"https:\/\/de.wikipedia.org\/wiki\/Bad_Bayersoien\" target=\"_blank\" rel=\"noopener noreferrer\">Bad Bayersojen<\/a> und war von Beruf Landwirt. Im Ersten Weltkrieg diente er in der 12. Kompanie des 26. bayerischen Infanterie-Regiments. Am 22.10.1916 fiel er nach 27 Monaten im Feld w\u00e4hrend des Vormarschs und den K\u00e4mpfen im <a href=\"https:\/\/de.wikipedia.org\/wiki\/Bran\" target=\"_blank\" rel=\"noopener noreferrer\">T\u00f6rzburg<\/a>erpass, genauer gesagt bei den K\u00e4mpfen n\u00f6rdlich von <a href=\"https:\/\/de.wikipedia.org\/wiki\/C%C3%A2mpulung\" target=\"_blank\" rel=\"noopener noreferrer\">Campulung<\/a> in Rum\u00e4nien.<\/p>\n<p>Die Regimentsgeschichte des 26. bayerischen Infanterie-Regiments berichtet \u00fcber diesen Tag:<\/p>\n<blockquote><p>&#8222;Am 22.10.1916 hatte das Bataillon hier au\u00dferordentlich schweren Stand. Die 12. Kompanie, die in vorgeschobener Stellung auf H\u00f6he 1314 lag, wurde durch einen vielfach \u00fcberlegenen Angriff schwer bedr\u00e4ngt, erwehrte sich aber mit Hilfe der 10. Kompanie und des rechts anschlie\u00dfenden I.\/28 des Angriffs, wenn auch unter empfindlichen Verlusten; die Verluste des Feindes waren bedeutend gr\u00f6\u00dfer.&#8220;<\/p><\/blockquote>\n<p>Ein Mensch der &#8222;empfindlichen Verluste&#8220; war Ludwig Fischer.<\/p>\n<p>Das Grab von Ludwig Fischer ist verschwunden bzw. nicht mehr auffindbar.<\/p>\n<figure id=\"attachment_9082\" aria-describedby=\"caption-attachment-9082\" style=\"width: 800px\" class=\"wp-caption aligncenter\"><img loading=\"lazy\" decoding=\"async\" class=\"size-full wp-image-9082\" src=\"https:\/\/geschichte-hautnah.de\/www\/wp-content\/uploads\/2019\/03\/Ludwig_Fischer_v.jpeg\" alt=\"\" width=\"800\" height=\"622\" srcset=\"https:\/\/geschichte-hautnah.de\/www\/wp-content\/uploads\/2019\/03\/Ludwig_Fischer_v.jpeg 800w, https:\/\/geschichte-hautnah.de\/www\/wp-content\/uploads\/2019\/03\/Ludwig_Fischer_v-300x233.jpeg 300w, https:\/\/geschichte-hautnah.de\/www\/wp-content\/uploads\/2019\/03\/Ludwig_Fischer_v-768x597.jpeg 768w\" sizes=\"auto, (max-width: 800px) 100vw, 800px\" \/><figcaption id=\"caption-attachment-9082\" class=\"wp-caption-text\">Sterbebild von Ludwig Fischer<\/figcaption><\/figure>\n<figure id=\"attachment_9081\" aria-describedby=\"caption-attachment-9081\" style=\"width: 800px\" class=\"wp-caption aligncenter\"><img loading=\"lazy\" decoding=\"async\" class=\"size-full wp-image-9081\" src=\"https:\/\/geschichte-hautnah.de\/www\/wp-content\/uploads\/2019\/03\/Ludwig_Fischer_h.jpeg\" alt=\"\" width=\"800\" height=\"622\" srcset=\"https:\/\/geschichte-hautnah.de\/www\/wp-content\/uploads\/2019\/03\/Ludwig_Fischer_h.jpeg 800w, https:\/\/geschichte-hautnah.de\/www\/wp-content\/uploads\/2019\/03\/Ludwig_Fischer_h-300x233.jpeg 300w, https:\/\/geschichte-hautnah.de\/www\/wp-content\/uploads\/2019\/03\/Ludwig_Fischer_h-768x597.jpeg 768w\" sizes=\"auto, (max-width: 800px) 100vw, 800px\" \/><figcaption id=\"caption-attachment-9081\" class=\"wp-caption-text\">R\u00fcckseite des Sterbebildes von Ludwig Fischer<\/figcaption><\/figure>\n","protected":false},"excerpt":{"rendered":"<p>Der Unteroffizier Ludwig Fischer stammte aus dem bayerischen Bad Bayersojen und war von Beruf Landwirt. Im Ersten Weltkrieg diente er in der 12. Kompanie des 26. bayerischen Infanterie-Regiments. Am 22.10.1916 fiel er nach 27 Monaten im Feld w\u00e4hrend des Vormarschs und den K\u00e4mpfen im T\u00f6rzburgerpass, genauer gesagt bei den K\u00e4mpfen n\u00f6rdlich von Campulung in Rum\u00e4nien. [&hellip;]<\/p>\n","protected":false},"author":2,"featured_media":0,"comment_status":"closed","ping_status":"closed","sticky":false,"template":"","format":"standard","meta":{"footnotes":"","_wp_rev_ctl_limit":""},"categories":[2,8,1875],"tags":[1359,2723,1366,2725,2471,293,2724,99,101],"class_list":["post-9083","post","type-post","status-publish","format-standard","hentry","category-1-weltkrieg","category-sterbebilder","category-rumaenien","tag-26-bayerisches-infanterie-regiment","tag-bad-bayersoien","tag-bayern","tag-bran","tag-campulung","tag-landwirt","tag-toerzburgerpass","tag-unbekannte-grablage","tag-unteroffizier"],"_links":{"self":[{"href":"https:\/\/geschichte-hautnah.de\/www\/index.php?rest_route=\/wp\/v2\/posts\/9083","targetHints":{"allow":["GET"]}}],"collection":[{"href":"https:\/\/geschichte-hautnah.de\/www\/index.php?rest_route=\/wp\/v2\/posts"}],"about":[{"href":"https:\/\/geschichte-hautnah.de\/www\/index.php?rest_route=\/wp\/v2\/types\/post"}],"author":[{"embeddable":true,"href":"https:\/\/geschichte-hautnah.de\/www\/index.php?rest_route=\/wp\/v2\/users\/2"}],"replies":[{"embeddable":true,"href":"https:\/\/geschichte-hautnah.de\/www\/index.php?rest_route=%2Fwp%2Fv2%2Fcomments&post=9083"}],"version-history":[{"count":3,"href":"https:\/\/geschichte-hautnah.de\/www\/index.php?rest_route=\/wp\/v2\/posts\/9083\/revisions"}],"predecessor-version":[{"id":9086,"href":"https:\/\/geschichte-hautnah.de\/www\/index.php?rest_route=\/wp\/v2\/posts\/9083\/revisions\/9086"}],"wp:attachment":[{"href":"https:\/\/geschichte-hautnah.de\/www\/index.php?rest_route=%2Fwp%2Fv2%2Fmedia&parent=9083"}],"wp:term":[{"taxonomy":"category","embeddable":true,"href":"https:\/\/geschichte-hautnah.de\/www\/index.php?rest_route=%2Fwp%2Fv2%2Fcategories&post=9083"},{"taxonomy":"post_tag","embeddable":true,"href":"https:\/\/geschichte-hautnah.de\/www\/index.php?rest_route=%2Fwp%2Fv2%2Ftags&post=9083"}],"curies":[{"name":"wp","href":"https:\/\/api.w.org\/{rel}","templated":true}]}}