{"id":9430,"date":"2020-07-07T00:00:39","date_gmt":"2020-07-06T22:00:39","guid":{"rendered":"https:\/\/geschichte-hautnah.de\/www\/?p=9430"},"modified":"2019-04-05T18:45:24","modified_gmt":"2019-04-05T16:45:24","slug":"die-maenner-des-ersten-weltkriegs-teil-855-georg-thurnhuber","status":"publish","type":"post","link":"https:\/\/geschichte-hautnah.de\/www\/?p=9430","title":{"rendered":"Die M\u00e4nner des Ersten Weltkriegs \u2013 Teil 855: Georg Thurnhuber"},"content":{"rendered":"<p>Der Unteroffizier Georg Thurnhuber wurde am 12.05.1894 im bayerischen Pfaffenham geboren, heute ein Ortsteil des bayerischen Gemeinde <a href=\"https:\/\/de.wikipedia.org\/wiki\/Schnaitsee\" target=\"_blank\" rel=\"noopener noreferrer\">Schnaisee<\/a>. Im Ersten Weltkrieg k\u00e4mpfte er in der 12. Kompanie des 3. Infanterie-Regiments. Am 30.03.1917 starb er im Alter von 22 Jahren im Gefangenenlager <a href=\"https:\/\/goo.gl\/maps\/hqb13GtBPym\" target=\"_blank\" rel=\"noopener noreferrer\">Sipote<\/a> in Rum\u00e4nien, eine ber\u00fcchtigten Gefangenenlager, das f\u00fcr sehr viele Gefangene den Tod bedeutete.<\/p>\n<figure id=\"attachment_9432\" aria-describedby=\"caption-attachment-9432\" style=\"width: 800px\" class=\"wp-caption aligncenter\"><img loading=\"lazy\" decoding=\"async\" class=\"size-full wp-image-9432\" src=\"https:\/\/geschichte-hautnah.de\/www\/wp-content\/uploads\/2019\/04\/Georg_Thurnhuber_v.jpeg\" alt=\"\" width=\"800\" height=\"622\" srcset=\"https:\/\/geschichte-hautnah.de\/www\/wp-content\/uploads\/2019\/04\/Georg_Thurnhuber_v.jpeg 800w, https:\/\/geschichte-hautnah.de\/www\/wp-content\/uploads\/2019\/04\/Georg_Thurnhuber_v-300x233.jpeg 300w, https:\/\/geschichte-hautnah.de\/www\/wp-content\/uploads\/2019\/04\/Georg_Thurnhuber_v-768x597.jpeg 768w\" sizes=\"auto, (max-width: 800px) 100vw, 800px\" \/><figcaption id=\"caption-attachment-9432\" class=\"wp-caption-text\">Sterbebild von Georg Thurnhuber<\/figcaption><\/figure>\n<figure id=\"attachment_9431\" aria-describedby=\"caption-attachment-9431\" style=\"width: 800px\" class=\"wp-caption aligncenter\"><img loading=\"lazy\" decoding=\"async\" class=\"size-full wp-image-9431\" src=\"https:\/\/geschichte-hautnah.de\/www\/wp-content\/uploads\/2019\/04\/Georg_Thurnhuber_h.jpeg\" alt=\"\" width=\"800\" height=\"622\" srcset=\"https:\/\/geschichte-hautnah.de\/www\/wp-content\/uploads\/2019\/04\/Georg_Thurnhuber_h.jpeg 800w, https:\/\/geschichte-hautnah.de\/www\/wp-content\/uploads\/2019\/04\/Georg_Thurnhuber_h-300x233.jpeg 300w, https:\/\/geschichte-hautnah.de\/www\/wp-content\/uploads\/2019\/04\/Georg_Thurnhuber_h-768x597.jpeg 768w\" sizes=\"auto, (max-width: 800px) 100vw, 800px\" \/><figcaption id=\"caption-attachment-9431\" class=\"wp-caption-text\">R\u00fcckseite des Sterbebildes von Georg Thurnhuber<\/figcaption><\/figure>\n","protected":false},"excerpt":{"rendered":"<p>Der Unteroffizier Georg Thurnhuber wurde am 12.05.1894 im bayerischen Pfaffenham geboren, heute ein Ortsteil des bayerischen Gemeinde Schnaisee. Im Ersten Weltkrieg k\u00e4mpfte er in der 12. Kompanie des 3. Infanterie-Regiments. Am 30.03.1917 starb er im Alter von 22 Jahren im Gefangenenlager Sipote in Rum\u00e4nien, eine ber\u00fcchtigten Gefangenenlager, das f\u00fcr sehr viele Gefangene den Tod bedeutete.<\/p>\n","protected":false},"author":2,"featured_media":0,"comment_status":"closed","ping_status":"closed","sticky":false,"template":"","format":"standard","meta":{"footnotes":"","_wp_rev_ctl_limit":""},"categories":[2,8,1875],"tags":[1032,1366,2855,610,2854,1879,2853,2601,299],"class_list":["post-9430","post","type-post","status-publish","format-standard","hentry","category-1-weltkrieg","category-sterbebilder","category-rumaenien","tag-3-bayerisches-infanterie-regiment","tag-bayern","tag-gefangenenlager-sipote","tag-gefangenschaft","tag-pfaffenham","tag-rumaenien","tag-schnaisee","tag-sipote","tag-soldat"],"_links":{"self":[{"href":"https:\/\/geschichte-hautnah.de\/www\/index.php?rest_route=\/wp\/v2\/posts\/9430","targetHints":{"allow":["GET"]}}],"collection":[{"href":"https:\/\/geschichte-hautnah.de\/www\/index.php?rest_route=\/wp\/v2\/posts"}],"about":[{"href":"https:\/\/geschichte-hautnah.de\/www\/index.php?rest_route=\/wp\/v2\/types\/post"}],"author":[{"embeddable":true,"href":"https:\/\/geschichte-hautnah.de\/www\/index.php?rest_route=\/wp\/v2\/users\/2"}],"replies":[{"embeddable":true,"href":"https:\/\/geschichte-hautnah.de\/www\/index.php?rest_route=%2Fwp%2Fv2%2Fcomments&post=9430"}],"version-history":[{"count":5,"href":"https:\/\/geschichte-hautnah.de\/www\/index.php?rest_route=\/wp\/v2\/posts\/9430\/revisions"}],"predecessor-version":[{"id":9437,"href":"https:\/\/geschichte-hautnah.de\/www\/index.php?rest_route=\/wp\/v2\/posts\/9430\/revisions\/9437"}],"wp:attachment":[{"href":"https:\/\/geschichte-hautnah.de\/www\/index.php?rest_route=%2Fwp%2Fv2%2Fmedia&parent=9430"}],"wp:term":[{"taxonomy":"category","embeddable":true,"href":"https:\/\/geschichte-hautnah.de\/www\/index.php?rest_route=%2Fwp%2Fv2%2Fcategories&post=9430"},{"taxonomy":"post_tag","embeddable":true,"href":"https:\/\/geschichte-hautnah.de\/www\/index.php?rest_route=%2Fwp%2Fv2%2Ftags&post=9430"}],"curies":[{"name":"wp","href":"https:\/\/api.w.org\/{rel}","templated":true}]}}