{"id":9463,"date":"2020-07-11T00:00:14","date_gmt":"2020-07-10T22:00:14","guid":{"rendered":"https:\/\/geschichte-hautnah.de\/www\/?p=9463"},"modified":"2019-04-06T09:37:53","modified_gmt":"2019-04-06T07:37:53","slug":"die-maenner-des-ersten-weltkriegs-teil-859-anton-gruber","status":"publish","type":"post","link":"https:\/\/geschichte-hautnah.de\/www\/?p=9463","title":{"rendered":"Die M\u00e4nner des Ersten Weltkriegs \u2013 Teil 859: Anton Gruber"},"content":{"rendered":"<p>Der Bauerssohn Anton Gruber Oberneukirchen, wohnhaft <a href=\"https:\/\/de.wikipedia.org\/wiki\/Bubing_(Ampfing)\" target=\"_blank\" rel=\"noopener noreferrer\">Bubing<\/a>, heute ein Ortsteil der bayerischen Gemeinde <a href=\"https:\/\/de.wikipedia.org\/wiki\/Ampfing\" target=\"_blank\" rel=\"noopener noreferrer\">Ampfing<\/a>. Im Ersten Weltkrieg k\u00e4mpfte er in der 3. Maschinengewehr-Kompanie des 26. Infanterie-Regiments als Soldat. Am 20.11.1916 fiel er im Alter von 20 Jahren nach schwerer Verwundung bei den K\u00e4mpfen n\u00f6rdlich von <a href=\"https:\/\/de.wikipedia.org\/wiki\/C%C3%A2mpulung\" target=\"_blank\" rel=\"noopener noreferrer\">Campulung<\/a> (18.10. &#8211; 28.11.1916) in Rum\u00e4nien.<\/p>\n<p>Das Grab von Anton Gruber gilt, wie bei vielen Gefallenen Soldaten im Osten Europas, als verschollen.<\/p>\n<figure id=\"attachment_9462\" aria-describedby=\"caption-attachment-9462\" style=\"width: 800px\" class=\"wp-caption aligncenter\"><img loading=\"lazy\" decoding=\"async\" class=\"size-full wp-image-9462\" src=\"https:\/\/geschichte-hautnah.de\/www\/wp-content\/uploads\/2019\/04\/Anton_Gruber_v.jpeg\" alt=\"\" width=\"800\" height=\"680\" srcset=\"https:\/\/geschichte-hautnah.de\/www\/wp-content\/uploads\/2019\/04\/Anton_Gruber_v.jpeg 800w, https:\/\/geschichte-hautnah.de\/www\/wp-content\/uploads\/2019\/04\/Anton_Gruber_v-300x255.jpeg 300w, https:\/\/geschichte-hautnah.de\/www\/wp-content\/uploads\/2019\/04\/Anton_Gruber_v-768x653.jpeg 768w\" sizes=\"auto, (max-width: 800px) 100vw, 800px\" \/><figcaption id=\"caption-attachment-9462\" class=\"wp-caption-text\">Sterbebild von Anton Gruber<\/figcaption><\/figure>\n<figure id=\"attachment_9461\" aria-describedby=\"caption-attachment-9461\" style=\"width: 800px\" class=\"wp-caption aligncenter\"><img loading=\"lazy\" decoding=\"async\" class=\"size-full wp-image-9461\" src=\"https:\/\/geschichte-hautnah.de\/www\/wp-content\/uploads\/2019\/04\/Anton_Gruber_h.jpeg\" alt=\"\" width=\"800\" height=\"680\" srcset=\"https:\/\/geschichte-hautnah.de\/www\/wp-content\/uploads\/2019\/04\/Anton_Gruber_h.jpeg 800w, https:\/\/geschichte-hautnah.de\/www\/wp-content\/uploads\/2019\/04\/Anton_Gruber_h-300x255.jpeg 300w, https:\/\/geschichte-hautnah.de\/www\/wp-content\/uploads\/2019\/04\/Anton_Gruber_h-768x653.jpeg 768w\" sizes=\"auto, (max-width: 800px) 100vw, 800px\" \/><figcaption id=\"caption-attachment-9461\" class=\"wp-caption-text\">R\u00fcckseite des Sterbebildes von Anton Gruber<\/figcaption><\/figure>\n","protected":false},"excerpt":{"rendered":"<p>Der Bauerssohn Anton Gruber Oberneukirchen, wohnhaft Bubing, heute ein Ortsteil der bayerischen Gemeinde Ampfing. Im Ersten Weltkrieg k\u00e4mpfte er in der 3. Maschinengewehr-Kompanie des 26. Infanterie-Regiments als Soldat. Am 20.11.1916 fiel er im Alter von 20 Jahren nach schwerer Verwundung bei den K\u00e4mpfen n\u00f6rdlich von Campulung (18.10. &#8211; 28.11.1916) in Rum\u00e4nien. Das Grab von Anton [&hellip;]<\/p>\n","protected":false},"author":2,"featured_media":0,"comment_status":"closed","ping_status":"closed","sticky":false,"template":"","format":"standard","meta":{"footnotes":"","_wp_rev_ctl_limit":""},"categories":[2,8,1875],"tags":[1359,1737,302,2862,2471,481,1879,771,299,99],"class_list":["post-9463","post","type-post","status-publish","format-standard","hentry","category-1-weltkrieg","category-sterbebilder","category-rumaenien","tag-26-bayerisches-infanterie-regiment","tag-ampfing","tag-bauerssohn","tag-bubing","tag-campulung","tag-maschinengewehr-kompanie","tag-rumaenien","tag-schwere-verwundung","tag-soldat","tag-unbekannte-grablage"],"_links":{"self":[{"href":"https:\/\/geschichte-hautnah.de\/www\/index.php?rest_route=\/wp\/v2\/posts\/9463","targetHints":{"allow":["GET"]}}],"collection":[{"href":"https:\/\/geschichte-hautnah.de\/www\/index.php?rest_route=\/wp\/v2\/posts"}],"about":[{"href":"https:\/\/geschichte-hautnah.de\/www\/index.php?rest_route=\/wp\/v2\/types\/post"}],"author":[{"embeddable":true,"href":"https:\/\/geschichte-hautnah.de\/www\/index.php?rest_route=\/wp\/v2\/users\/2"}],"replies":[{"embeddable":true,"href":"https:\/\/geschichte-hautnah.de\/www\/index.php?rest_route=%2Fwp%2Fv2%2Fcomments&post=9463"}],"version-history":[{"count":5,"href":"https:\/\/geschichte-hautnah.de\/www\/index.php?rest_route=\/wp\/v2\/posts\/9463\/revisions"}],"predecessor-version":[{"id":9468,"href":"https:\/\/geschichte-hautnah.de\/www\/index.php?rest_route=\/wp\/v2\/posts\/9463\/revisions\/9468"}],"wp:attachment":[{"href":"https:\/\/geschichte-hautnah.de\/www\/index.php?rest_route=%2Fwp%2Fv2%2Fmedia&parent=9463"}],"wp:term":[{"taxonomy":"category","embeddable":true,"href":"https:\/\/geschichte-hautnah.de\/www\/index.php?rest_route=%2Fwp%2Fv2%2Fcategories&post=9463"},{"taxonomy":"post_tag","embeddable":true,"href":"https:\/\/geschichte-hautnah.de\/www\/index.php?rest_route=%2Fwp%2Fv2%2Ftags&post=9463"}],"curies":[{"name":"wp","href":"https:\/\/api.w.org\/{rel}","templated":true}]}}